{"id":675,"date":"2026-05-10T17:01:34","date_gmt":"2026-05-10T17:01:34","guid":{"rendered":"https:\/\/www.zavislostnakortikoidoch.sk\/?p=675"},"modified":"2026-05-10T17:01:35","modified_gmt":"2026-05-10T17:01:35","slug":"stav-tsw-po-25-roku","status":"publish","type":"post","link":"https:\/\/www.zavislostnakortikoidoch.sk\/?p=675","title":{"rendered":"Stav TSW po 2,5 roku"},"content":{"rendered":"<p>[et_pb_section fb_built=&#8220;1&#8243; _builder_version=&#8220;4.27.4&#8243; _module_preset=&#8220;default&#8220; global_colors_info=&#8220;{}&#8220;][et_pb_row _builder_version=&#8220;4.27.4&#8243; _module_preset=&#8220;default&#8220; global_colors_info=&#8220;{}&#8220;][et_pb_column type=&#8220;4_4&#8243; _builder_version=&#8220;4.27.4&#8243; _module_preset=&#8220;default&#8220; global_colors_info=&#8220;{}&#8220;][et_pb_text _builder_version=&#8220;4.27.4&#8243; _module_preset=&#8220;default&#8220; global_colors_info=&#8220;{}&#8220;]<\/p>\n<p data-start=\"64\" data-end=\"81\">\n<p data-start=\"64\" data-end=\"81\">Mil\u00ed priatelia,<\/p>\n<p data-start=\"83\" data-end=\"266\">dlho som si myslela, \u017ee tento \u010dl\u00e1nok nap\u00ed\u0161em ove\u013ea sk\u00f4r. Z pr\u00edbehov, ktor\u00e9 som \u010d\u00edtala, sa zdalo, \u017ee cesta TSW nebude trva\u0165 tak dlho. Moja vlastn\u00e1 sk\u00fasenos\u0165 ma v\u0161ak vyviedla z omylu. Bolo to dlh\u00e9, vy\u010derp\u00e1vaj\u00face obdobie pln\u00e9 bolesti, bezn\u00e1deje a neust\u00e1lych zmien. Dnes v\u0161ak s odstupom \u010dasu vid\u00edm, \u017ee aj tak\u00e1to \u017eivotn\u00e1 sk\u00fasenos\u0165 n\u00e1s m\u00f4\u017ee najprv zlomi\u0165, a potom \u00faplne zmeni\u0165 a posilni\u0165.<\/p>\n<h2 data-section-id=\"1f2wdn4\" data-start=\"471\" data-end=\"503\">Ako sa u m\u0148a vyv\u00edjal TSW stav<\/h2>\n<p data-start=\"505\" data-end=\"655\">Prv\u00e9 v\u00fdrazn\u00e9 zhor\u0161enie pri\u0161lo pribli\u017ene 2 mesiace po vysaden\u00ed kortikosteroidov. Naj\u0165a\u017e\u0161ie obdobie trvalo pribli\u017ene od 2,5 do 6 mesiacov po vysaden\u00ed. Mokvalo mi cel\u00e9 telo, v\u0161ade sam\u00e9 rany, mala som ve\u013ek\u00e9 bolesti a \u010dasto som sa nedok\u00e1zala ani h\u00fdba\u0165. Nevedela som si predstavi\u0165, \u017ee by sa tento stav mohol niekedy zlep\u0161i\u0165. Pribli\u017ene okolo 9. mesiaca v\u0161ak pri\u0161lo prv\u00e9 v\u00fdraznej\u0161ie zlep\u0161enie. Niektor\u00e9 \u010dasti ko\u017ee sa zrazu za\u010dali hoji\u0165 a na chv\u00ed\u013eu som mala pocit, \u017ee sa telo upokojuje. Dnes to vn\u00edmam tak, akoby organizmus na chv\u00ed\u013eu \u201euhasil\u201c vonkaj\u0161\u00ed po\u017eiar, aby n\u00e1sledne za\u010dal rie\u0161i\u0165 hlb\u0161ie procesy vo vn\u00fatri. Po pobyte pri mori v 10. mesiac TSW v\u0161ak pri\u0161lo druh\u00e9 ve\u013ek\u00e9 zhor\u0161enie. Obdobie medzi 10. a\u017e 14. mesiacom bolo op\u00e4\u0165 ve\u013emi n\u00e1ro\u010dn\u00e9. Vr\u00e1tila som sa sp\u00e4\u0165 do postele, stratila som n\u00e1dej aj silu veri\u0165, \u017ee sa to niekedy skon\u010d\u00ed.<\/p>\n<p data-start=\"1320\" data-end=\"1347\">A pr\u00e1ve vtedy pri\u0161iel zlom. Prestala som bojova\u0165 proti realite a pochopila som, \u017ee sa s t\u00fdm mus\u00edm nau\u010di\u0165 \u017ei\u0165 de\u0148 po dni. V tom stave \u010dlovek postupne strat\u00ed v\u0161etky ve\u013ek\u00e9 sny a o\u010dak\u00e1vania. Zostane len jedin\u00e1 t\u00fa\u017eba, pre\u017ei\u0165 de\u0148 bez bolesti, bez p\u00e1lenia ko\u017ee, bez neust\u00e1leho svrbenia a py\u017eama prilepen\u00e9ho k ran\u00e1m.<\/p>\n<blockquote>\n<p data-start=\"1632\" data-end=\"1923\"><strong>Paradoxne pr\u00e1ve toto prijatie mi ve\u013emi pomohlo. Prestala som \u010daka\u0165, kedy sa to kone\u010dne zlep\u0161\u00ed. Preto\u017ee ka\u017ed\u00e9 o\u010dak\u00e1vanie a ka\u017ed\u00e9 \u010fal\u0161ie zhor\u0161enie ma ment\u00e1lne ni\u010dilo e\u0161te viac. Ke\u010f som sa prestala tla\u010di\u0165 do uzdravenia, nastal vo mne zvl\u00e1\u0161tny pokoj. Veci za\u010dali jednoducho plyn\u00fa\u0165 tak, ako mali.<\/strong><\/p>\n<\/blockquote>\n<p>[\/et_pb_text][et_pb_image src=&#8220;https:\/\/www.zavislostnakortikoidoch.sk\/wp-content\/uploads\/2026\/05\/graf-scaled.png&#8220; title_text=&#8220;graf&#8220; _builder_version=&#8220;4.27.4&#8243; _module_preset=&#8220;default&#8220; global_colors_info=&#8220;{}&#8220;][\/et_pb_image][et_pb_text _builder_version=&#8220;4.27.4&#8243; _module_preset=&#8220;default&#8220; global_colors_info=&#8220;{}&#8220;]<\/p>\n<h2 data-section-id=\"lbqhz5\" data-start=\"1925\" data-end=\"1953\"><\/h2>\n<h2 data-section-id=\"lbqhz5\" data-start=\"1925\" data-end=\"1953\"><\/h2>\n<h2 data-section-id=\"lbqhz5\" data-start=\"1925\" data-end=\"1953\">Hojenie pri\u0161lo po skokoch<\/h2>\n<p>&nbsp;<\/p>\n<p data-start=\"1955\" data-end=\"2041\">TSW sa u m\u0148a nehojilo line\u00e1rne. Zlep\u0161enia prich\u00e1dzali postupne v ur\u010dit\u00fdch \u201eskokoch\u201c. V\u00fdraznej\u0161\u00ed posun nastal pribli\u017ene po:<\/p>\n<ul data-start=\"2081\" data-end=\"2139\">\n<li data-section-id=\"1194s0p\" data-start=\"2081\" data-end=\"2096\">18 mesiacoch,<\/li>\n<li data-section-id=\"f8fs9i\" data-start=\"2097\" data-end=\"2112\">24 mesiacoch,<\/li>\n<li data-section-id=\"xlzx7q\" data-start=\"2113\" data-end=\"2139\">a potom po 30 mesiacoch.<\/li>\n<\/ul>\n<p data-start=\"2141\" data-end=\"2212\">Po dvoch rokoch kone\u010dne ust\u00fapili bolesti a za\u010dala som znovu viac \u017ei\u0165. Najv\u00e4\u010d\u0161\u00ed pokrok som v\u0161ak poc\u00edtila pribli\u017ene po 2,5 roku. Vtedy som si uvedomila, \u017ee sa mi vracia energia, chu\u0165 do \u017eivota, rados\u0165 a schopnos\u0165 prem\u00fd\u0161\u013ea\u0165 aj nad in\u00fdmi vecami ne\u017e len nad ko\u017eou a ekz\u00e9mom. Pristihla som sa, \u017ee znovu rie\u0161im \u017eivot, pl\u00e1ny a bud\u00facnos\u0165, nie iba pre\u017e\u00edvanie \u010fal\u0161ieho d\u0148a. Ko\u017ea vypad\u00e1 na ve\u013ea miestach u\u017e ako zdrav\u00e1. Teda pre m\u0148a zdrav\u00e1, a znova sa jej stav zlep\u0161uje a ja si uvedom\u00edm, \u017ee ob\u010das ani neviem, ako je to, ke\u010f m\u00e1 \u010dlovek zdrav\u00fa ko\u017eu. Ur\u010dite m\u00f4j stav je lep\u0161\u00ed ako kedyko\u013evek predt\u00fdm. \u017diadne ve\u013ek\u00e9 opakuj\u00face sa z\u00e1paly.\u00a0<\/p>\n<p>[\/et_pb_text][\/et_pb_column][\/et_pb_row][et_pb_row _builder_version=&#8220;4.27.4&#8243; _module_preset=&#8220;default&#8220; global_colors_info=&#8220;{}&#8220;][et_pb_column type=&#8220;4_4&#8243; _builder_version=&#8220;4.27.4&#8243; _module_preset=&#8220;default&#8220; global_colors_info=&#8220;{}&#8220;][et_pb_image src=&#8220;https:\/\/www.zavislostnakortikoidoch.sk\/wp-content\/uploads\/2026\/05\/tvar-scaled.jpg&#8220; title_text=&#8220;tv\u00e1r&#8220; _builder_version=&#8220;4.27.4&#8243; _module_preset=&#8220;default&#8220; global_colors_info=&#8220;{}&#8220;][\/et_pb_image][et_pb_image src=&#8220;https:\/\/www.zavislostnakortikoidoch.sk\/wp-content\/uploads\/2026\/05\/Hrud-scaled.jpg&#8220; title_text=&#8220;Hru\u010f&#8220; _builder_version=&#8220;4.27.4&#8243; _module_preset=&#8220;default&#8220; global_colors_info=&#8220;{}&#8220;][\/et_pb_image][et_pb_text _builder_version=&#8220;4.27.4&#8243; _module_preset=&#8220;default&#8220; custom_padding=&#8220;||0px|||&#8220; global_colors_info=&#8220;{}&#8220;]<\/p>\n<div class=\"relative basis-auto flex-col -mb-(--composer-overlap-px) pb-(--composer-overlap-px) [--composer-overlap-px:28px] grow flex\">\n<div class=\"flex flex-col text-sm\">\n<div class=\"\" data-turn-id-container=\"request-WEB:0528d398-f6ef-403f-8410-e9eec0ac0ecd-3\" data-is-intersecting=\"true\">\n<div class=\"relative w-full overflow-visible\">\n<section class=\"text-token-text-primary w-full focus:outline-none [--shadow-height:45px] has-data-writing-block:pointer-events-none has-data-writing-block:-mt-(--shadow-height) has-data-writing-block:pt-(--shadow-height) [&amp;:has([data-writing-block])&gt;*]:pointer-events-auto R6Vx5W_threadScrollVars scroll-mb-[calc(var(--scroll-root-safe-area-inset-bottom,0px)+var(--thread-response-height))] scroll-mt-[calc(var(--header-height)+min(200px,max(70px,20svh)))]\" dir=\"auto\" data-turn-id=\"request-WEB:0528d398-f6ef-403f-8410-e9eec0ac0ecd-3\" data-turn-id-container=\"request-WEB:0528d398-f6ef-403f-8410-e9eec0ac0ecd-3\" data-testid=\"conversation-turn-8\" data-scroll-anchor=\"false\" data-turn=\"assistant\">\n<div class=\"text-base my-auto mx-auto pb-10 [--thread-content-margin:var(--thread-content-margin-xs,calc(var(--spacing)*4))] @w-sm\/main:[--thread-content-margin:var(--thread-content-margin-sm,calc(var(--spacing)*6))] @w-lg\/main:[--thread-content-margin:var(--thread-content-margin-lg,calc(var(--spacing)*16))] px-(--thread-content-margin)\">\n<div class=\"[--thread-content-max-width:40rem] @w-lg\/main:[--thread-content-max-width:48rem] mx-auto max-w-(--thread-content-max-width) flex-1 group\/turn-messages focus-visible:outline-hidden relative flex w-full min-w-0 flex-col agent-turn\">\n<div class=\"flex max-w-full flex-col gap-4 grow\">\n<div data-message-author-role=\"assistant\" data-message-id=\"2d38f686-87cf-4522-98de-4bf4e5281f71\" dir=\"auto\" data-message-model-slug=\"gpt-5-5\" class=\"min-h-8 text-message relative flex w-full flex-col items-end gap-2 text-start break-words whitespace-normal outline-none keyboard-focused:focus-ring [.text-message+&amp;]:mt-1\" data-turn-start-message=\"true\" tabindex=\"0\">\n<div class=\"flex w-full flex-col gap-1 empty:hidden\">\n<div class=\"markdown prose dark:prose-invert wrap-break-word w-full light markdown-new-styling\">\n<p data-start=\"0\" data-end=\"249\"><em>Dnes, po viac ako 2,5 roku, s\u00fa e\u0161te mierne zasiahnut\u00e9 najm\u00e4 ruky \u2014 teda miesta, kde som kortikosteroidn\u00e9 kr\u00e9my pou\u017e\u00edvala naj\u010dastej\u0161ie. Aj tam sa v\u0161ak poko\u017eka postupne regeneruje, len tento proces trv\u00e1 v\u00fdrazne dlh\u0161ie ne\u017e na ostatn\u00fdch \u010dastiach tela.<\/em><\/p>\n<p data-start=\"251\" data-end=\"543\"><em>Ob\u010das m\u00e1m e\u0161te citliv\u00fd krk. Na fotografi\u00e1ch je mo\u017en\u00e9 vidie\u0165 vr\u00e1sky a zn\u00ed\u017een\u00fa elasticitu ko\u017ee. Pr\u00e1ve krk patril k oblastiam, ktor\u00e9 sa hojili najdlh\u0161ie. Pozd\u013a\u017ene z\u00e1hyby sa mi e\u0161te doned\u00e1vna pravidelne otv\u00e1rali do bolestiv\u00fdch r\u00e1n, preto som dnes v\u010fa\u010dn\u00e1 aj za tento stav a pokrok, ktor\u00fd nastal.<\/em><\/p>\n<p data-start=\"545\" data-end=\"691\"><em>V\u00fdrazne sa zlep\u0161ili aj nohy, hoci sa mi ob\u010das e\u0161te objavia drobn\u00e9 ranky v oblasti \u010dlenkov. T\u00e1to \u010das\u0165 tela b\u00fdva st\u00e1le citliv\u00e1 a niekedy aj svrb\u00ed.<\/em><\/p>\n<p data-start=\"693\" data-end=\"926\" data-is-last-node=\"\" data-is-only-node=\"\"><em>Svrbenie \u00faplne nevymizlo, st\u00e1le je do ur\u010ditej miery pr\u00edtomn\u00e9, no v porovnan\u00ed s naj\u0165a\u017e\u0161\u00edmi obdobiami TSW je u\u017e minim\u00e1lne. Dnes ide sk\u00f4r o ob\u010dasn\u00fd nepr\u00edjemn\u00fd pocit ne\u017e o neust\u00e1le, neznesite\u013en\u00e9 svrbenie, ktor\u00e9 kedysi ovl\u00e1dalo ka\u017ed\u00fd de\u0148.<\/em><\/p>\n<\/div>\n<\/div>\n<\/div>\n<\/div>\n<\/div>\n<\/div>\n<\/section>\n<\/div>\n<\/div>\n<\/div>\n<\/div>\n<p>[\/et_pb_text][\/et_pb_column][\/et_pb_row][et_pb_row _builder_version=&#8220;4.27.4&#8243; _module_preset=&#8220;default&#8220; global_colors_info=&#8220;{}&#8220;][et_pb_column type=&#8220;4_4&#8243; _builder_version=&#8220;4.27.4&#8243; _module_preset=&#8220;default&#8220; global_colors_info=&#8220;{}&#8220;][et_pb_text _builder_version=&#8220;4.27.4&#8243; _module_preset=&#8220;default&#8220; global_colors_info=&#8220;{}&#8220;]<\/p>\n<h2 data-section-id=\"1uzuuda\" data-start=\"2510\" data-end=\"2544\"><\/h2>\n<h2 data-section-id=\"1uzuuda\" data-start=\"2510\" data-end=\"2544\">S\u00fastavn\u00e9 z\u00e1paly a cykly hojeni\u0430<\/h2>\n<p>&nbsp;<\/p>\n<p data-start=\"2546\" data-end=\"2781\">Dnes, po viac ako 2,5 roku, s\u00fa z\u00e1paly u\u017e len mierne. U\u017e netrvaj\u00fa t\u00fd\u017edne ani dni, ale sk\u00f4r hodiny. Ob\u010das si poko\u017eku e\u0161te roz\u0161kriabem, ale ko\u017ea je u\u017e ove\u013ea silnej\u0161ia a odolnej\u0161ia. Obnovila svoje vrstvy a dok\u00e1\u017ee sa r\u00fdchlej\u0161ie regenerova\u0165. U\u017e ju nedok\u00e1\u017eem tak mechanicky po\u0161kodi\u0165. A teda moj\u00edm stavom potvrdzujem, \u017ee existuj\u00faci ekz\u00e9m bol sp\u00f4sobovan\u00fd kortikoidmi.<\/p>\n<blockquote>\n<p data-start=\"2783\" data-end=\"3026\"><strong>Postupne som si v\u0161imla zauj\u00edmav\u00fa vec, po silnej\u0161om z\u00e1pale sa dan\u00e1 \u010das\u0165 ko\u017ee \u010dasto v\u00fdrazne vyhojila. V pokro\u010dilej\u0161\u00edch \u0161t\u00e1di\u00e1ch u\u017e ne\u0161lo o z\u00e1pal cel\u00e9ho tela, ale sk\u00f4r o jednotliv\u00e9 oblasti. Akoby si telo postupne opravovalo jednu \u010das\u0165 po druhej. Mnohokr\u00e1t sa stalo, \u017ee miesto bolo dlho zahojen\u00e9 a zrazu sa op\u00e4\u0165 zhor\u0161ilo. Dnes u\u017e v\u0161ak viem, \u017ee aj toto patr\u00ed k procesu hojeni\u0430.<\/strong><\/p>\n<\/blockquote>\n<p data-start=\"3159\" data-end=\"3377\">S odstupom \u010dasu c\u00edtim, \u017ee telo potrebuje hlavne priestor a \u010das. Organizmus je neuverite\u013ene inteligentn\u00fd a dok\u00e1\u017ee sa regenerova\u0165 aj z ve\u013emi \u0165a\u017ek\u00fdch stavov. Naj\u0165a\u017e\u0161ou \u010das\u0165ou pre n\u00e1s \u010dasto zost\u00e1va d\u00f4vera v samotn\u00fd proces. Prestala som panik\u00e1ri\u0165 pri ka\u017edom zhor\u0161en\u00ed. Namiesto toho som si dopriala oddych a pripom\u00ednala si, \u017ee moje telo pr\u00e1ve pracuje na uzdraven\u00ed.<\/p>\n<p>[\/et_pb_text][\/et_pb_column][\/et_pb_row][et_pb_row _builder_version=&#8220;4.27.4&#8243; _module_preset=&#8220;default&#8220; global_colors_info=&#8220;{}&#8220;][et_pb_column type=&#8220;4_4&#8243; _builder_version=&#8220;4.27.4&#8243; _module_preset=&#8220;default&#8220; global_colors_info=&#8220;{}&#8220;][et_pb_image src=&#8220;https:\/\/www.zavislostnakortikoidoch.sk\/wp-content\/uploads\/2026\/05\/nohy-scaled.jpg&#8220; title_text=&#8220;nohy&#8220; _builder_version=&#8220;4.27.4&#8243; _module_preset=&#8220;default&#8220; global_colors_info=&#8220;{}&#8220;][\/et_pb_image][et_pb_image src=&#8220;https:\/\/www.zavislostnakortikoidoch.sk\/wp-content\/uploads\/2026\/05\/ruka-scaled.jpg&#8220; title_text=&#8220;ruka&#8220; _builder_version=&#8220;4.27.4&#8243; _module_preset=&#8220;default&#8220; global_colors_info=&#8220;{}&#8220;][\/et_pb_image][\/et_pb_column][\/et_pb_row][et_pb_row _builder_version=&#8220;4.27.4&#8243; _module_preset=&#8220;default&#8220; global_colors_info=&#8220;{}&#8220;][et_pb_column type=&#8220;4_4&#8243; _builder_version=&#8220;4.27.4&#8243; _module_preset=&#8220;default&#8220; global_colors_info=&#8220;{}&#8220;][et_pb_text _builder_version=&#8220;4.27.4&#8243; _module_preset=&#8220;default&#8220; global_colors_info=&#8220;{}&#8220;]<\/p>\n<div class=\"\" data-turn-id-container=\"request-WEB:0528d398-f6ef-403f-8410-e9eec0ac0ecd-2\" data-is-intersecting=\"true\">\n<div class=\"relative w-full overflow-visible\">\n<section class=\"text-token-text-primary w-full focus:outline-none [--shadow-height:45px] has-data-writing-block:pointer-events-none has-data-writing-block:-mt-(--shadow-height) has-data-writing-block:pt-(--shadow-height) [&amp;:has([data-writing-block])&gt;*]:pointer-events-auto R6Vx5W_threadScrollVars scroll-mb-[calc(var(--scroll-root-safe-area-inset-bottom,0px)+var(--thread-response-height))] scroll-mt-[calc(var(--header-height)+min(200px,max(70px,20svh)))]\" dir=\"auto\" data-turn-id=\"request-WEB:0528d398-f6ef-403f-8410-e9eec0ac0ecd-2\" data-turn-id-container=\"request-WEB:0528d398-f6ef-403f-8410-e9eec0ac0ecd-2\" data-testid=\"conversation-turn-6\" data-scroll-anchor=\"false\" data-turn=\"assistant\">\n<div class=\"text-base my-auto mx-auto pb-10 [--thread-content-margin:var(--thread-content-margin-xs,calc(var(--spacing)*4))] @w-sm\/main:[--thread-content-margin:var(--thread-content-margin-sm,calc(var(--spacing)*6))] @w-lg\/main:[--thread-content-margin:var(--thread-content-margin-lg,calc(var(--spacing)*16))] px-(--thread-content-margin)\">\n<div class=\"[--thread-content-max-width:40rem] @w-lg\/main:[--thread-content-max-width:48rem] mx-auto max-w-(--thread-content-max-width) flex-1 group\/turn-messages focus-visible:outline-hidden relative flex w-full min-w-0 flex-col agent-turn\">\n<div class=\"flex max-w-full flex-col gap-4 grow\">\n<div data-message-author-role=\"assistant\" data-message-id=\"9fd06742-ee5d-4303-a1d2-f492e56f289a\" dir=\"auto\" data-message-model-slug=\"gpt-5-5\" class=\"min-h-8 text-message relative flex w-full flex-col items-end gap-2 text-start break-words whitespace-normal outline-none keyboard-focused:focus-ring [.text-message+&amp;]:mt-1\" data-turn-start-message=\"true\" tabindex=\"0\">\n<div class=\"flex w-full flex-col gap-1 empty:hidden\">\n<div class=\"markdown prose dark:prose-invert wrap-break-word w-full light markdown-new-styling\">\n<h2 data-section-id=\"1vdzda4\" data-start=\"3520\" data-end=\"3554\"><\/h2>\n<h2 data-section-id=\"1vdzda4\" data-start=\"3520\" data-end=\"3554\">\u010co mi po\u010das TSW pomohlo najviac<\/h2>\n<p data-start=\"3556\" data-end=\"3631\">Celou cestou som pre\u0161la preva\u017ene prirodzene, bez liekov. Ob\u010das som u\u017e\u00edvala:<\/p>\n<ul data-start=\"3632\" data-end=\"3691\">\n<li data-section-id=\"iw6f15\" data-start=\"3632\" data-end=\"3643\">vitam\u00edny,<\/li>\n<li data-section-id=\"17u02yk\" data-start=\"3644\" data-end=\"3661\">doplnky v\u00fd\u017eivy,<\/li>\n<li data-section-id=\"1imwr22\" data-start=\"3662\" data-end=\"3675\">probiotik\u00e1,<\/li>\n<li data-section-id=\"jpqi9e\" data-start=\"3676\" data-end=\"3691\">bylinn\u00e9 \u010daje.<\/li>\n<\/ul>\n<p data-start=\"3998\" data-end=\"4116\">Pribli\u017ene pol roka som pravidelne pou\u017e\u00edvala aj red light therapy (MITO Light), aj ke\u010f bez v\u00fdrazn\u00e9ho okam\u017eit\u00e9ho efektu.<\/p>\n<p data-start=\"4118\" data-end=\"4349\">Najviac ver\u00edm, \u017ee mi pomohla strava. Dlhodobo som dodr\u017eiavala stravovanie pod\u013ea Medical Medium (viac p\u00ed\u0161em v samostatnom \u010dl\u00e1nku na blogu). Dnes u\u017e nie tak pr\u00edsne, no st\u00e1le m\u00e1m pocit, \u017ee pr\u00e1ve \u00faprava stravy v\u00fdrazne zmiernila z\u00e1paly.<\/p>\n<p data-start=\"3693\" data-end=\"3938\">Predt\u00fdm (po\u010das u\u017e\u00edvania KK) som pritom sk\u00fa\u0161ala mno\u017estvo alternat\u00edvnych pr\u00edstupov- \u010d\u00ednsku medic\u00ednu, biorezonanciu, bylinn\u00e9 tinkt\u00fary a mnoho \u010fal\u0161ieho. Bolo frustruj\u00face, ako ni\u010d nezaberalo. Po rokoch neust\u00e1leho h\u013eadania rie\u0161enia som sa dozvedela o TSW a bola to \u00fa\u013eava, \u017ee kone\u010dne viem, \u010do to sp\u00f4sobuje. Bolo to aj obdobie v mojom \u017eivote, kedy som bola unaven\u00e1 sk\u00fa\u0161a\u0165 \u010fal\u0161ie veci.<\/p>\n<blockquote>\n<p data-start=\"3940\" data-end=\"3996\"><strong>Po\u010das TSW som pochopila, \u017ee najv\u00e4\u010d\u0161\u00edm liekom je \u010das.<\/strong><\/p>\n<\/blockquote>\n<h2 data-section-id=\"bahhgn\" data-start=\"4351\" data-end=\"4407\"><\/h2>\n<h2 data-section-id=\"bahhgn\" data-start=\"4351\" data-end=\"4407\">\u010co by som poradila \u013eu\u010fom, ktor\u00ed pr\u00e1ve prech\u00e1dzaj\u00fa TSW<\/h2>\n<h3 data-section-id=\"gesoqf\" data-start=\"4409\" data-end=\"4432\"><\/h3>\n<h3 data-section-id=\"gesoqf\" data-start=\"4409\" data-end=\"4432\">Zbavte sa o\u010dak\u00e1van\u00ed<\/h3>\n<p data-start=\"4434\" data-end=\"4532\">Nikto presne nevie, kedy pr\u00edde zlep\u0161enie. TSW sa hoj\u00ed v cykloch a ka\u017ed\u00fd organizmus reaguje inak. Niekedy z\u00e1pal trv\u00e1 mesiace, inokedy sa objavuje len p\u00e1r dn\u00ed v t\u00fd\u017edni. T\u00e1to cesta dok\u00e1\u017ee psychicky zlomi\u0165 aj ve\u013emi siln\u00fdch \u013eud\u00ed. Preto je d\u00f4le\u017eit\u00e9 netla\u010di\u0165 na seba ani na svoje telo.<\/p>\n<blockquote>\n<p data-start=\"4717\" data-end=\"4823\"><strong>Najv\u00e4\u010d\u0161iu \u00fa\u013eavu mi priniesol moment, ke\u010f som prestala o\u010dak\u00e1va\u0165 konkr\u00e9tny v\u00fdsledok alebo term\u00edn uzdravenia.<\/strong><\/p>\n<\/blockquote>\n<h3 data-section-id=\"13kl40y\" data-start=\"4825\" data-end=\"4859\"><\/h3>\n<h3 data-section-id=\"13kl40y\" data-start=\"4825\" data-end=\"4859\">Prijmite seba aj v tomto stave<\/h3>\n<p data-start=\"4861\" data-end=\"4970\">TSW \u010dloveku na \u010das vezme ve\u013ea vec\u00ed: sny, identitu, sebavedomie, vzh\u013ead. \u010casto sa nespozn\u00e1vate ani v zrkadle. Paradoxne pr\u00e1ve toto obdobie ma nau\u010dilo ove\u013ea v\u00e4\u010d\u0161iemu prijatiu samej seba. Dok\u00e1zala som otvorene hovori\u0165 o tom, \u010do pre\u017e\u00edvam, bez hanby a bez potreby nie\u010do skr\u00fdva\u0165.<\/p>\n<h3 data-section-id=\"1jccgv1\" data-start=\"5138\" data-end=\"5183\"><\/h3>\n<h3 data-section-id=\"1jccgv1\" data-start=\"5138\" data-end=\"5183\">Po\u017eiadajte o pomoc a bu\u010fte k sebe l\u00e1skav\u00ed<\/h3>\n<p data-start=\"5185\" data-end=\"5266\">Predt\u00fdm som bola zvyknut\u00e1 \u00eds\u0165 cez svoje limity. Po\u010das TSW to u\u017e jednoducho ne\u0161lo.<\/p>\n<p data-start=\"5268\" data-end=\"5359\">Musela som sa nau\u010di\u0165 poveda\u0165:<br \/>\u201eTeraz nevl\u00e1dzem.\u201c<br \/>\u201ePotrebujem oddych.\u201c<br \/>\u201eDnes to nezvl\u00e1dnem.\u201c<\/p>\n<p data-start=\"5361\" data-end=\"5453\">A zistila som, \u017ee na\u0161e okolie m\u00e1 \u010dasto v\u00e4\u010d\u0161ie pochopenie pre n\u00e1s, ne\u017e m\u00e1me my sami pre seba.<\/p>\n<h2 data-section-id=\"xv5bq7\" data-start=\"5455\" data-end=\"5463\"><\/h2>\n<h2 data-section-id=\"xv5bq7\" data-start=\"5455\" data-end=\"5463\">Z\u00e1ver<\/h2>\n<p data-start=\"5465\" data-end=\"5551\">TSW ma najprv \u00faplne zlomilo. Ale postupne som mala pocit, akoby som sa znovu narodila.<\/p>\n<p data-start=\"5553\" data-end=\"5713\">Dnes svoju silu nepou\u017e\u00edvam na boj a neust\u00e1le tla\u010denie na \u017eivot ako kedysi. Som pokojnej\u0161ia, viac vn\u00edmam svoje telo aj potreby a veci nech\u00e1vam prirodzene plyn\u00fa\u0165. A hoci som po\u010das choroby stratila mnoh\u00e9 sny a t\u00fa\u017eby, paradoxne pr\u00e1ve v tomto novom obdob\u00ed \u017eivota sa za\u010dali postupne nap\u013a\u0148a\u0165, prirodzene, bez tlaku, bez z\u00fafal\u00e9ho chcenia.<\/p>\n<p data-start=\"5887\" data-end=\"5990\" data-is-last-node=\"\" data-is-only-node=\"\">Ver\u00edm, \u017ee po ka\u017edom ve\u013emi \u0165a\u017ekom obdob\u00ed m\u00f4\u017ee pr\u00eds\u0165 nie\u010do dobr\u00e9.<br data-start=\"5950\" data-end=\"5953\" \/>Rast. Sila. Sloboda. A nov\u00fd za\u010diatok.<\/p>\n<\/div>\n<\/div>\n<\/div>\n<\/div>\n<div class=\"z-0 flex min-h-[46px] justify-start\"><\/div>\n<div class=\"mt-3 w-full empty:hidden\">\n<div class=\"text-center\"><\/div>\n<\/div>\n<\/div>\n<\/div>\n<\/section>\n<div class=\"contents\"><\/div>\n<\/div>\n<\/div>\n<p>[\/et_pb_text][\/et_pb_column][\/et_pb_row][\/et_pb_section]<\/p>\n","protected":false},"excerpt":{"rendered":"<p>Mil\u00ed priatelia, dlho som si myslela, \u017ee tento \u010dl\u00e1nok nap\u00ed\u0161em ove\u013ea sk\u00f4r. Z pr\u00edbehov, ktor\u00e9 som \u010d\u00edtala, sa zdalo, \u017ee cesta TSW nebude trva\u0165 tak dlho. Moja vlastn\u00e1 sk\u00fasenos\u0165 ma v\u0161ak vyviedla z omylu. Bolo to dlh\u00e9, vy\u010derp\u00e1vaj\u00face obdobie pln\u00e9 bolesti, bezn\u00e1deje a neust\u00e1lych zmien. Dnes v\u0161ak s odstupom \u010dasu vid\u00edm, \u017ee aj tak\u00e1to \u017eivotn\u00e1 [&hellip;]<\/p>\n","protected":false},"author":1,"featured_media":676,"comment_status":"open","ping_status":"open","sticky":false,"template":"","format":"standard","meta":{"_et_pb_use_builder":"on","_et_pb_old_content":"","_et_gb_content_width":"","footnotes":""},"categories":[1],"tags":[],"class_list":["post-675","post","type-post","status-publish","format-standard","has-post-thumbnail","hentry","category-uncategorized"],"yoast_head":"<!-- This site is optimized with the Yoast SEO plugin v28.4 - https:\/\/yoast.com\/product\/yoast-seo-wordpress\/ -->\n<title>Stav TSW po 2,5 roku - TSW<\/title>\n<meta name=\"robots\" content=\"index, follow, max-snippet:-1, max-image-preview:large, max-video-preview:-1\" \/>\n<link rel=\"canonical\" href=\"https:\/\/www.zavislostnakortikoidoch.sk\/?p=675\" \/>\n<meta property=\"og:locale\" content=\"sk_SK\" \/>\n<meta property=\"og:type\" content=\"article\" \/>\n<meta property=\"og:title\" content=\"Stav TSW po 2,5 roku - TSW\" \/>\n<meta property=\"og:description\" content=\"Mil\u00ed priatelia, dlho som si myslela, \u017ee tento \u010dl\u00e1nok nap\u00ed\u0161em ove\u013ea sk\u00f4r. Z pr\u00edbehov, ktor\u00e9 som \u010d\u00edtala, sa zdalo, \u017ee cesta TSW nebude trva\u0165 tak dlho. Moja vlastn\u00e1 sk\u00fasenos\u0165 ma v\u0161ak vyviedla z omylu. Bolo to dlh\u00e9, vy\u010derp\u00e1vaj\u00face obdobie pln\u00e9 bolesti, bezn\u00e1deje a neust\u00e1lych zmien. Dnes v\u0161ak s odstupom \u010dasu vid\u00edm, \u017ee aj tak\u00e1to \u017eivotn\u00e1 [&hellip;]\" \/>\n<meta property=\"og:url\" content=\"https:\/\/www.zavislostnakortikoidoch.sk\/?p=675\" \/>\n<meta property=\"og:site_name\" content=\"TSW\" \/>\n<meta property=\"article:published_time\" content=\"2026-05-10T17:01:34+00:00\" \/>\n<meta property=\"article:modified_time\" content=\"2026-05-10T17:01:35+00:00\" \/>\n<meta property=\"og:image\" content=\"https:\/\/www.zavislostnakortikoidoch.sk\/wp-content\/uploads\/2026\/05\/TSW-po-25-roku-scaled.jpg\" \/>\n\t<meta property=\"og:image:width\" content=\"2560\" \/>\n\t<meta property=\"og:image:height\" content=\"1811\" \/>\n\t<meta property=\"og:image:type\" content=\"image\/jpeg\" \/>\n<meta name=\"author\" content=\"zavislostn\" \/>\n<meta name=\"twitter:card\" content=\"summary_large_image\" \/>\n<meta name=\"twitter:label1\" content=\"Autor\" \/>\n\t<meta name=\"twitter:data1\" content=\"zavislostn\" \/>\n\t<meta name=\"twitter:label2\" content=\"Predpokladan\u00fd \u010das \u010d\u00edtania\" \/>\n\t<meta name=\"twitter:data2\" content=\"1 min\u00fata\" \/>\n<script type=\"application\/ld+json\" class=\"yoast-schema-graph\">{\"@context\":\"https:\\\/\\\/schema.org\",\"@graph\":[{\"@type\":\"Article\",\"@id\":\"https:\\\/\\\/www.zavislostnakortikoidoch.sk\\\/?p=675#article\",\"isPartOf\":{\"@id\":\"https:\\\/\\\/www.zavislostnakortikoidoch.sk\\\/?p=675\"},\"author\":{\"name\":\"zavislostn\",\"@id\":\"https:\\\/\\\/www.zavislostnakortikoidoch.sk\\\/#\\\/schema\\\/person\\\/8403bb721c40aa1128286681b4d49620\"},\"headline\":\"Stav TSW po 2,5 roku\",\"datePublished\":\"2026-05-10T17:01:34+00:00\",\"dateModified\":\"2026-05-10T17:01:35+00:00\",\"mainEntityOfPage\":{\"@id\":\"https:\\\/\\\/www.zavislostnakortikoidoch.sk\\\/?p=675\"},\"wordCount\":1977,\"commentCount\":1,\"publisher\":{\"@id\":\"https:\\\/\\\/www.zavislostnakortikoidoch.sk\\\/#\\\/schema\\\/person\\\/8403bb721c40aa1128286681b4d49620\"},\"image\":{\"@id\":\"https:\\\/\\\/www.zavislostnakortikoidoch.sk\\\/?p=675#primaryimage\"},\"thumbnailUrl\":\"https:\\\/\\\/www.zavislostnakortikoidoch.sk\\\/wp-content\\\/uploads\\\/2026\\\/05\\\/TSW-po-25-roku-scaled.jpg\",\"articleSection\":[\"Uncategorized\"],\"inLanguage\":\"sk-SK\",\"potentialAction\":[{\"@type\":\"CommentAction\",\"name\":\"Comment\",\"target\":[\"https:\\\/\\\/www.zavislostnakortikoidoch.sk\\\/?p=675#respond\"]}]},{\"@type\":\"WebPage\",\"@id\":\"https:\\\/\\\/www.zavislostnakortikoidoch.sk\\\/?p=675\",\"url\":\"https:\\\/\\\/www.zavislostnakortikoidoch.sk\\\/?p=675\",\"name\":\"Stav TSW po 2,5 roku - TSW\",\"isPartOf\":{\"@id\":\"https:\\\/\\\/www.zavislostnakortikoidoch.sk\\\/#website\"},\"primaryImageOfPage\":{\"@id\":\"https:\\\/\\\/www.zavislostnakortikoidoch.sk\\\/?p=675#primaryimage\"},\"image\":{\"@id\":\"https:\\\/\\\/www.zavislostnakortikoidoch.sk\\\/?p=675#primaryimage\"},\"thumbnailUrl\":\"https:\\\/\\\/www.zavislostnakortikoidoch.sk\\\/wp-content\\\/uploads\\\/2026\\\/05\\\/TSW-po-25-roku-scaled.jpg\",\"datePublished\":\"2026-05-10T17:01:34+00:00\",\"dateModified\":\"2026-05-10T17:01:35+00:00\",\"breadcrumb\":{\"@id\":\"https:\\\/\\\/www.zavislostnakortikoidoch.sk\\\/?p=675#breadcrumb\"},\"inLanguage\":\"sk-SK\",\"potentialAction\":[{\"@type\":\"ReadAction\",\"target\":[\"https:\\\/\\\/www.zavislostnakortikoidoch.sk\\\/?p=675\"]}]},{\"@type\":\"ImageObject\",\"inLanguage\":\"sk-SK\",\"@id\":\"https:\\\/\\\/www.zavislostnakortikoidoch.sk\\\/?p=675#primaryimage\",\"url\":\"https:\\\/\\\/www.zavislostnakortikoidoch.sk\\\/wp-content\\\/uploads\\\/2026\\\/05\\\/TSW-po-25-roku-scaled.jpg\",\"contentUrl\":\"https:\\\/\\\/www.zavislostnakortikoidoch.sk\\\/wp-content\\\/uploads\\\/2026\\\/05\\\/TSW-po-25-roku-scaled.jpg\",\"width\":2560,\"height\":1811},{\"@type\":\"BreadcrumbList\",\"@id\":\"https:\\\/\\\/www.zavislostnakortikoidoch.sk\\\/?p=675#breadcrumb\",\"itemListElement\":[{\"@type\":\"ListItem\",\"position\":1,\"name\":\"Domovsk\u00e1 str\u00e1nka\",\"item\":\"https:\\\/\\\/www.zavislostnakortikoidoch.sk\\\/\"},{\"@type\":\"ListItem\",\"position\":2,\"name\":\"Stav TSW po 2,5 roku\"}]},{\"@type\":\"WebSite\",\"@id\":\"https:\\\/\\\/www.zavislostnakortikoidoch.sk\\\/#website\",\"url\":\"https:\\\/\\\/www.zavislostnakortikoidoch.sk\\\/\",\"name\":\"Z\u00e1vislos\u0165 na kortikoidoch\",\"description\":\"\",\"publisher\":{\"@id\":\"https:\\\/\\\/www.zavislostnakortikoidoch.sk\\\/#\\\/schema\\\/person\\\/8403bb721c40aa1128286681b4d49620\"},\"potentialAction\":[{\"@type\":\"SearchAction\",\"target\":{\"@type\":\"EntryPoint\",\"urlTemplate\":\"https:\\\/\\\/www.zavislostnakortikoidoch.sk\\\/?s={search_term_string}\"},\"query-input\":{\"@type\":\"PropertyValueSpecification\",\"valueRequired\":true,\"valueName\":\"search_term_string\"}}],\"inLanguage\":\"sk-SK\"},{\"@type\":[\"Person\",\"Organization\"],\"@id\":\"https:\\\/\\\/www.zavislostnakortikoidoch.sk\\\/#\\\/schema\\\/person\\\/8403bb721c40aa1128286681b4d49620\",\"name\":\"zavislostn\",\"image\":{\"@type\":\"ImageObject\",\"inLanguage\":\"sk-SK\",\"@id\":\"https:\\\/\\\/www.zavislostnakortikoidoch.sk\\\/wp-content\\\/uploads\\\/2024\\\/02\\\/iStock-1298247627-scaled.jpg\",\"url\":\"https:\\\/\\\/www.zavislostnakortikoidoch.sk\\\/wp-content\\\/uploads\\\/2024\\\/02\\\/iStock-1298247627-scaled.jpg\",\"contentUrl\":\"https:\\\/\\\/www.zavislostnakortikoidoch.sk\\\/wp-content\\\/uploads\\\/2024\\\/02\\\/iStock-1298247627-scaled.jpg\",\"width\":2560,\"height\":1707,\"caption\":\"zavislostn\"},\"logo\":{\"@id\":\"https:\\\/\\\/www.zavislostnakortikoidoch.sk\\\/wp-content\\\/uploads\\\/2024\\\/02\\\/iStock-1298247627-scaled.jpg\"},\"sameAs\":[\"http:\\\/\\\/localhost\\\/wordpress\"],\"url\":\"https:\\\/\\\/www.zavislostnakortikoidoch.sk\\\/?author=1\"}]}<\/script>\n<!-- \/ Yoast SEO plugin. -->","yoast_head_json":{"title":"Stav TSW po 2,5 roku - TSW","robots":{"index":"index","follow":"follow","max-snippet":"max-snippet:-1","max-image-preview":"max-image-preview:large","max-video-preview":"max-video-preview:-1"},"canonical":"https:\/\/www.zavislostnakortikoidoch.sk\/?p=675","og_locale":"sk_SK","og_type":"article","og_title":"Stav TSW po 2,5 roku - TSW","og_description":"Mil\u00ed priatelia, dlho som si myslela, \u017ee tento \u010dl\u00e1nok nap\u00ed\u0161em ove\u013ea sk\u00f4r. Z pr\u00edbehov, ktor\u00e9 som \u010d\u00edtala, sa zdalo, \u017ee cesta TSW nebude trva\u0165 tak dlho. Moja vlastn\u00e1 sk\u00fasenos\u0165 ma v\u0161ak vyviedla z omylu. Bolo to dlh\u00e9, vy\u010derp\u00e1vaj\u00face obdobie pln\u00e9 bolesti, bezn\u00e1deje a neust\u00e1lych zmien. Dnes v\u0161ak s odstupom \u010dasu vid\u00edm, \u017ee aj tak\u00e1to \u017eivotn\u00e1 [&hellip;]","og_url":"https:\/\/www.zavislostnakortikoidoch.sk\/?p=675","og_site_name":"TSW","article_published_time":"2026-05-10T17:01:34+00:00","article_modified_time":"2026-05-10T17:01:35+00:00","og_image":[{"width":2560,"height":1811,"url":"https:\/\/www.zavislostnakortikoidoch.sk\/wp-content\/uploads\/2026\/05\/TSW-po-25-roku-scaled.jpg","type":"image\/jpeg"}],"author":"zavislostn","twitter_card":"summary_large_image","twitter_misc":{"Autor":"zavislostn","Predpokladan\u00fd \u010das \u010d\u00edtania":"1 min\u00fata"},"schema":{"@context":"https:\/\/schema.org","@graph":[{"@type":"Article","@id":"https:\/\/www.zavislostnakortikoidoch.sk\/?p=675#article","isPartOf":{"@id":"https:\/\/www.zavislostnakortikoidoch.sk\/?p=675"},"author":{"name":"zavislostn","@id":"https:\/\/www.zavislostnakortikoidoch.sk\/#\/schema\/person\/8403bb721c40aa1128286681b4d49620"},"headline":"Stav TSW po 2,5 roku","datePublished":"2026-05-10T17:01:34+00:00","dateModified":"2026-05-10T17:01:35+00:00","mainEntityOfPage":{"@id":"https:\/\/www.zavislostnakortikoidoch.sk\/?p=675"},"wordCount":1977,"commentCount":1,"publisher":{"@id":"https:\/\/www.zavislostnakortikoidoch.sk\/#\/schema\/person\/8403bb721c40aa1128286681b4d49620"},"image":{"@id":"https:\/\/www.zavislostnakortikoidoch.sk\/?p=675#primaryimage"},"thumbnailUrl":"https:\/\/www.zavislostnakortikoidoch.sk\/wp-content\/uploads\/2026\/05\/TSW-po-25-roku-scaled.jpg","articleSection":["Uncategorized"],"inLanguage":"sk-SK","potentialAction":[{"@type":"CommentAction","name":"Comment","target":["https:\/\/www.zavislostnakortikoidoch.sk\/?p=675#respond"]}]},{"@type":"WebPage","@id":"https:\/\/www.zavislostnakortikoidoch.sk\/?p=675","url":"https:\/\/www.zavislostnakortikoidoch.sk\/?p=675","name":"Stav TSW po 2,5 roku - TSW","isPartOf":{"@id":"https:\/\/www.zavislostnakortikoidoch.sk\/#website"},"primaryImageOfPage":{"@id":"https:\/\/www.zavislostnakortikoidoch.sk\/?p=675#primaryimage"},"image":{"@id":"https:\/\/www.zavislostnakortikoidoch.sk\/?p=675#primaryimage"},"thumbnailUrl":"https:\/\/www.zavislostnakortikoidoch.sk\/wp-content\/uploads\/2026\/05\/TSW-po-25-roku-scaled.jpg","datePublished":"2026-05-10T17:01:34+00:00","dateModified":"2026-05-10T17:01:35+00:00","breadcrumb":{"@id":"https:\/\/www.zavislostnakortikoidoch.sk\/?p=675#breadcrumb"},"inLanguage":"sk-SK","potentialAction":[{"@type":"ReadAction","target":["https:\/\/www.zavislostnakortikoidoch.sk\/?p=675"]}]},{"@type":"ImageObject","inLanguage":"sk-SK","@id":"https:\/\/www.zavislostnakortikoidoch.sk\/?p=675#primaryimage","url":"https:\/\/www.zavislostnakortikoidoch.sk\/wp-content\/uploads\/2026\/05\/TSW-po-25-roku-scaled.jpg","contentUrl":"https:\/\/www.zavislostnakortikoidoch.sk\/wp-content\/uploads\/2026\/05\/TSW-po-25-roku-scaled.jpg","width":2560,"height":1811},{"@type":"BreadcrumbList","@id":"https:\/\/www.zavislostnakortikoidoch.sk\/?p=675#breadcrumb","itemListElement":[{"@type":"ListItem","position":1,"name":"Domovsk\u00e1 str\u00e1nka","item":"https:\/\/www.zavislostnakortikoidoch.sk\/"},{"@type":"ListItem","position":2,"name":"Stav TSW po 2,5 roku"}]},{"@type":"WebSite","@id":"https:\/\/www.zavislostnakortikoidoch.sk\/#website","url":"https:\/\/www.zavislostnakortikoidoch.sk\/","name":"Z\u00e1vislos\u0165 na kortikoidoch","description":"","publisher":{"@id":"https:\/\/www.zavislostnakortikoidoch.sk\/#\/schema\/person\/8403bb721c40aa1128286681b4d49620"},"potentialAction":[{"@type":"SearchAction","target":{"@type":"EntryPoint","urlTemplate":"https:\/\/www.zavislostnakortikoidoch.sk\/?s={search_term_string}"},"query-input":{"@type":"PropertyValueSpecification","valueRequired":true,"valueName":"search_term_string"}}],"inLanguage":"sk-SK"},{"@type":["Person","Organization"],"@id":"https:\/\/www.zavislostnakortikoidoch.sk\/#\/schema\/person\/8403bb721c40aa1128286681b4d49620","name":"zavislostn","image":{"@type":"ImageObject","inLanguage":"sk-SK","@id":"https:\/\/www.zavislostnakortikoidoch.sk\/wp-content\/uploads\/2024\/02\/iStock-1298247627-scaled.jpg","url":"https:\/\/www.zavislostnakortikoidoch.sk\/wp-content\/uploads\/2024\/02\/iStock-1298247627-scaled.jpg","contentUrl":"https:\/\/www.zavislostnakortikoidoch.sk\/wp-content\/uploads\/2024\/02\/iStock-1298247627-scaled.jpg","width":2560,"height":1707,"caption":"zavislostn"},"logo":{"@id":"https:\/\/www.zavislostnakortikoidoch.sk\/wp-content\/uploads\/2024\/02\/iStock-1298247627-scaled.jpg"},"sameAs":["http:\/\/localhost\/wordpress"],"url":"https:\/\/www.zavislostnakortikoidoch.sk\/?author=1"}]}},"_links":{"self":[{"href":"https:\/\/www.zavislostnakortikoidoch.sk\/index.php?rest_route=\/wp\/v2\/posts\/675","targetHints":{"allow":["GET"]}}],"collection":[{"href":"https:\/\/www.zavislostnakortikoidoch.sk\/index.php?rest_route=\/wp\/v2\/posts"}],"about":[{"href":"https:\/\/www.zavislostnakortikoidoch.sk\/index.php?rest_route=\/wp\/v2\/types\/post"}],"author":[{"embeddable":true,"href":"https:\/\/www.zavislostnakortikoidoch.sk\/index.php?rest_route=\/wp\/v2\/users\/1"}],"replies":[{"embeddable":true,"href":"https:\/\/www.zavislostnakortikoidoch.sk\/index.php?rest_route=%2Fwp%2Fv2%2Fcomments&post=675"}],"version-history":[{"count":11,"href":"https:\/\/www.zavislostnakortikoidoch.sk\/index.php?rest_route=\/wp\/v2\/posts\/675\/revisions"}],"predecessor-version":[{"id":692,"href":"https:\/\/www.zavislostnakortikoidoch.sk\/index.php?rest_route=\/wp\/v2\/posts\/675\/revisions\/692"}],"wp:featuredmedia":[{"embeddable":true,"href":"https:\/\/www.zavislostnakortikoidoch.sk\/index.php?rest_route=\/wp\/v2\/media\/676"}],"wp:attachment":[{"href":"https:\/\/www.zavislostnakortikoidoch.sk\/index.php?rest_route=%2Fwp%2Fv2%2Fmedia&parent=675"}],"wp:term":[{"taxonomy":"category","embeddable":true,"href":"https:\/\/www.zavislostnakortikoidoch.sk\/index.php?rest_route=%2Fwp%2Fv2%2Fcategories&post=675"},{"taxonomy":"post_tag","embeddable":true,"href":"https:\/\/www.zavislostnakortikoidoch.sk\/index.php?rest_route=%2Fwp%2Fv2%2Ftags&post=675"}],"curies":[{"name":"wp","href":"https:\/\/api.w.org\/{rel}","templated":true}]}}