{"id":465,"date":"2024-08-24T14:20:48","date_gmt":"2024-08-24T14:20:48","guid":{"rendered":"https:\/\/www.zavislostnakortikoidoch.sk\/?p=465"},"modified":"2024-09-09T18:17:15","modified_gmt":"2024-09-09T18:17:15","slug":"tsw-pribeh-klara-23","status":"publish","type":"post","link":"https:\/\/www.zavislostnakortikoidoch.sk\/?p=465","title":{"rendered":"TSW pr\u00edbeh, Kl\u00e1ra 23"},"content":{"rendered":"<p>[et_pb_section fb_built=&#8220;1&#8243; _builder_version=&#8220;4.23.2&#8243; _module_preset=&#8220;default&#8220; global_colors_info=&#8220;{}&#8220;][et_pb_row _builder_version=&#8220;4.23.2&#8243; _module_preset=&#8220;default&#8220; global_colors_info=&#8220;{}&#8220;][et_pb_column type=&#8220;4_4&#8243; _builder_version=&#8220;4.23.2&#8243; _module_preset=&#8220;default&#8220; global_colors_info=&#8220;{}&#8220;][et_pb_text _builder_version=&#8220;4.23.2&#8243; _module_preset=&#8220;default&#8220; global_colors_info=&#8220;{}&#8220;]<\/p>\n<p><strong style=\"font-size: 14px;\">Pohlavie<\/strong><span style=\"font-size: 14px;\"> &#8211; \u017eena<\/span><\/p>\n<p><strong>Vek<\/strong> &#8211; 23 let<\/p>\n<p><strong style=\"font-size: 14px;\">Ako si za\u010dal\/a u\u017e\u00edva\u0165 kortikoidy a v akom veku? <\/strong>Asi poprv\u00e9 kolem dev\u00edti let, intenzivn\u011b od 14\u201319 let; potom Protopic jako imunosupresivn\u00ed mast \u2013 do 22 let<\/p>\n<p><strong>D\u00f4vod u\u017e\u00edvania kortikoidov a doba? \u00a0<\/strong>Zhor\u0161uj\u00edc\u00ed se ekz\u00e9m ve v\u011bt\u0161\u00edm rozsahu na obli\u010deji, krku<\/p>\n<p><strong>Ak\u00e9 ko\u017en\u00e9 ochorenie m\u00e1\u0161 diagnostikovan\u00e9 a ako prebiehala tvoja lie\u010dba v ko\u017enej ambulancii?\u00a0<\/strong>Od t\u0159\u00ed let diagnostika \u2013 ekz\u00e9m, alergie na pyl, prach, ale \u017e\u00e1dn\u00e1 konkr\u00e9tn\u00ed potravina.\u00a0Nav\u0161t\u00edvila jsem n\u011bkolik ko\u017ea\u0159\u016f \u2013 poka\u017ed\u00e9 mi p\u0159edepsali Protopic nebo Belogent.<\/p>\n<p><strong>Ako si zistil, \u017ee m\u00e1\u0161 z\u00e1vislos\u0165 na KK alebo syndr\u00f3m TSW?\u00a0<\/strong>Uv\u011bdomila jsem si, \u017ee jde o TSW, kdy\u017e jsem dlouhodob\u011b m\u011bla ekz\u00e9m \u0161patn\u00fd, lo\u017eiska na m\u00edstech, kde p\u0159edt\u00edm nebyla. \u017divot v takov\u00e9m stavu nebyl \u00fanosn\u00fd, proto jsem za\u010dala hledat na internetu, co by mohlo b\u00fdt p\u0159\u00ed\u010dinou.<\/p>\n<p><strong>\u010co ti pomohlo na ceste TSW?\u00a0<\/strong>Pomohla mi sv\u011bdectv\u00ed ostatn\u00edch lid\u00ed, kte\u0159\u00ed TSW proch\u00e1zeli, videa na youtube, \u010dl\u00e1nky, instagramov\u00e9 \u00fa\u010dty. I kdy\u017e jsem nevid\u011bla posuny, v\u011b\u0159ila jsem, \u017ee zlep\u0161en\u00ed je mo\u017en\u00e9.<\/p>\n<p><strong>Rady \u010fal\u0161\u00edm \u013eudom, ktor\u00ed si prech\u00e1dzaj\u00fa podobn\u00fdmi probl\u00e9mami<\/strong> &#8211; Moje nejv\u011bt\u0161\u00ed rady jsou tyto: nau\u010dit se pracovat s\u00e1m se sebou, poznat sebe, pracovat s traumaty a se zran\u011bn\u00edmi z d\u011btstv\u00ed, pracovat se stresem, praktikovat psychosomatick\u00fd cvi\u010den\u00ed, pou\u017e\u00edvat Red Light Therapy, v nejhor\u0161\u00edm p\u0159\u00edpad\u011b j\u00edt do NMT metody, ale v\u017edycky se d\u00edvat, jestli mi tyto v\u011bci opravdu pom\u00e1haj\u00ed po n\u011bjak\u00e9m \u010dasov\u00e9m \u00faseku. Je d\u016fle\u017eit\u00e9 pochopit, \u017ee to nen\u00ed moje vina, ale probl\u00e9m l\u00e9ka\u0159sk\u00e9ho syst\u00e9mu a moje t\u011blo, i kdy\u017e se zd\u00e1 slab\u00e9, tak tohle m\u016f\u017ee p\u0159ekonat. M\u00edt kolem sebe lidi, kte\u0159\u00ed m\u011b budou podporovat. Upravit sv\u016fj \u017eivot tak, abych mohla b\u00fdt v klidu, nebrat si na sebe \u00fakoly, kter\u00e9 nejsem schopen zvl\u00e1dnou a dop\u0159\u00e1t si \u010das na uzdraven\u00ed \u2013 b\u00fdt trp\u011bliv\u00e1 a vytrval\u00e1.<\/p>\n<p>[\/et_pb_text][\/et_pb_column][\/et_pb_row][et_pb_row _builder_version=&#8220;4.23.2&#8243; _module_preset=&#8220;default&#8220; global_colors_info=&#8220;{}&#8220;][et_pb_column type=&#8220;4_4&#8243; _builder_version=&#8220;4.23.2&#8243; _module_preset=&#8220;default&#8220; global_colors_info=&#8220;{}&#8220;][et_pb_text _builder_version=&#8220;4.23.2&#8243; _module_preset=&#8220;default&#8220; global_colors_info=&#8220;{}&#8220;]<\/p>\n<h5><strong>P\u0159\u00edb\u011bh:<\/strong><\/h5>\n<p>S ekz\u00e9mem jsem bojovala klasika od mali\u010dka \u2013 intenzivn\u011b od 3 let \u2013 mazali m\u011b kortikoidy \u2013 kolem o\u010d\u00ed, loketn\u00ed a kolenn\u00ed jamky + r\u016fzn\u011b tak po t\u011ble. Ve 14 letech jsem z\u00edskala do ran zlat\u00e9ho stafylokokoka, byla jsem hospitalizov\u00e1na ve fakultce v Ostrav\u011b. Tam nasadili dal\u0161\u00ed kortikoidy a za t\u00fdden jsem byla \u2013 \u010dist\u00e1 \u2013. Od t\u00e9 doby jsem m\u011bla ekz\u00e9m hlavn\u011b na rukou. Potom v maturitn\u00edm ro\u010dn\u00edku 2020 kolem o\u010d\u00ed. To jsem dostala protopic a belogent, ob\u010das jsem se t\u00edm m\u00e1zla \u2013 b\u011bhem l\u00e9ta 21,22 to bylo v pohod\u011b, ale jinak cel\u00e1 zima masakr. Je\u0161t\u011b\u017ee bylo zkou\u0161kov\u00e9, tak\u017ee jsem byla doma, ale byly to \u0161\u00edlen\u00e9 stavy \u2013 krk, obli\u010dej, ruce \u2013 stav, kdy nem\u016f\u017eete nikam chodit atd. M\u011bla jsem p\u0159\u00edrodn\u00ed kosmetiku, zkou\u0161ela vegan, vegetarian stravu + ob\u010das se m\u00e1zla t\u00edm protopicem, ten to jako\u017ee zachr\u00e1nil, ale za chv\u00edli to bylo zp\u011bt. \u017dila jsem neust\u00e1le ve stresu, kdy zase vzplanut\u00ed p\u0159ijde (b\u011b\u017en\u011b tak co t\u0159i t\u00fddny). V roce 2023 jsem m\u011bla ekz\u00e9m v zim\u011b, ale potom i v l\u00e9t\u011b \u2013 k\u016f\u017ee na prstech neexistovala a lo\u017eiska jsem m\u011bla obli\u010dej, krk, ruce. M\u011bla jsem zlatou krustu, tak mi dal doktor antibiotika v z\u00e1\u0159\u00ed. To nic nevy\u0159e\u0161ilo. Zhor\u0161ilo se to. 30\/9 jsem se rozhodla, \u017ee konec s Protopicem \u2013 u\u017e jsem v\u011bd\u011bla o existenci TSW a \u017ee tam protopic hraje roli, rozhodla jsem se, \u017ee stejn\u011b u\u017e to tsw asi m\u00e1m v n\u011bjak\u00e9m po\u010d\u00e1te\u010dn\u00edm st\u00e1diu, ale \u017ee teda do toho jdeme. Samoz\u0159ejm\u011b jsem byla ve stresu, studuji dv\u011b \u0161koly 23\/24 byl na jedn\u00e9 z nich bakal\u00e1\u0159sk\u00fd ro\u010dn\u00edk. V zimn\u00edm semestru jsem si dala individu\u00e1ln\u00ed pl\u00e1n &#8211; d\u016fvodem tsw. Rozjelo se to obli\u010dej, krk, ruce \u2013 prsty \u2013 loketn\u00ed jamka \u2013 mokv\u00e1n\u00ed (takov\u00e1 ta hnusn\u00e1 tekutina a \u017eelezit\u00fd z\u00e1pach), zimnice, nemo\u017enost sp\u00e1t atd. Bylo to h r o z n \u00e9. Pou\u017e\u00edvala jsem activ maris, zinkovku a tak. Nejhor\u0161\u00ed obdob\u00ed p\u0159i\u0161lo na \u0160t\u011bdr\u00fd den. Cel\u00fd leden jsem vysloven\u011b \u2013 neopustila d\u016fm, nesetkala jsem se s rodiny s jin\u00fdmi lidmi. Nemohla jsem u\u017e absolutn\u011b sp\u00e1t, obli\u010dej mi um\u0159el, krk s n\u00edm a m\u011bla jsem pocit, \u017ee se to snad u\u017e nikdy nezlep\u0161\u00ed. Toho 24\/12 jsem se rozhodla, \u017ee jdu do NMT metody a do stravov\u00e1n\u00ed se carnivore (nen\u00ed to ov\u011b\u0159en\u00e9, \u017ee by to re\u00e1ln\u011b m\u011blo vliv, ale zoufal\u00fd stav, je zoufal\u00fd stav) \u2013&gt; plus jsem investovala do mal\u00e9ho \u201e\u010derven\u00e9ho sv\u011btla\u201d MITO light. B\u011bhem toho m\u011bs\u00edce se stav zlep\u0161il, na za\u010d\u00e1tku \u00fanora jsem se u\u017e byla schopna s n\u011bk\u00fdm setkat a neb\u00fdt 24\/7 v bolesti. T\u00edm, \u017ee jsem d\u011blala NMT, tak jsem fakt m\u011bs\u00edc nepou\u017eila kr\u00e9m, nedala na obli\u010dej sprchu (jen jsem se om\u00fdvala ob\u010das \u017e\u00ednkou); ple\u0165 byla hodn\u011b such\u00e1, ale r\u00e1ny se zacelily. Od \u00fanora jsem postupn\u011b za\u010dala pou\u017e\u00edvat weledu night cream a vitamin C serum. Cel\u00e9 to obdob\u00ed od z\u00e1\u0159\u00ed jsem pou\u017e\u00edvala na v\u0161echno rukavice \u2013 bavln\u011bn\u00e9 a na to gumov\u00e9 \u2013 na sprchov\u00e1n\u00ed, myt\u00ed n\u00e1dob\u00ed, kr\u00e1jen\u00ed zeleniny. Postupn\u011b od toho \u00fanora se stav neskute\u010dn\u011b zlep\u0161il. \u010cerven\u00e9 sv\u011btlo jsem pou\u017e\u00edvala a st\u00e1le pou\u017e\u00edv\u00e1m r\u00e1no a ve\u010der. Stravu jsem postupn\u011b upravila na animal-based diet, a n\u011bkdy v kv\u011btnu p\u0159e\u0161la t\u00e9m\u011b\u0159 na b\u011b\u017enou bez omezen\u00ed. Nyn\u00ed (srpen) se zase vrac\u00edm k animal-based, proto\u017ee jsem se b\u011bhem n\u00ed c\u00edtila nejl\u00e9pe. Ekz\u00e9mu nen\u00ed konec, m\u016f\u017ee se vr\u00e1tit t\u0159eba dal\u0161\u00ed vlna TSW, ale moment\u00e1ln\u011b m\u00e1m neskute\u010dn\u011b klidn\u00e9 obdob\u00ed. Prsty v pohod\u011b \u2013 ni\u010d\u00edm je nema\u017eu. Krk taky ni\u010d\u00edm. Na obli\u010dej pou\u017e\u00edv\u00e1m r\u016fzn\u00e9 kr\u00e9my a s\u00e9ra norm\u00e1ln\u00edm zp\u016fsobem, i kdy\u017e ta ple\u0165 nen\u00ed samoz\u0159ejm\u011b \u2013 jako by nepro\u0161la t\u011bmi v\u011bcmi, po\u0159\u00e1d jsou takov\u00e1 ta citliv\u00e1 m\u00edsta.. V kv\u011btnu jsem d\u011blala st\u00e1tnice, psala BP, a te\u010f m\u00e1m je\u0161t\u011b jedny st\u00e1tnice. Pracuj se stresem, cvi\u010d\u00edm r\u016fzn\u00e1 psychosomatick\u00e1 cvi\u010den\u00ed a jsem zv\u011bdav\u00e1, co p\u0159inese leto\u0161n\u00ed zima. Protopic, belogent, elidel a nev\u00edm co \u2013 jsem naprosto zavrhla a nedoporu\u010dila n i k o m u.\u00a0 Tohle je jenom takov\u00fd p\u0159ehled. U ka\u017ed\u00e9ho je ta l\u00e9\u010dba individu\u00e1ln\u00ed, ale tonouc\u00ed se st\u00e9bla chyt\u00e1, proto p\u00ed\u0161u alespo\u0148 tohle, pokud by se cht\u011bl n\u011bkdo inspirovat.<\/p>\n<p>[\/et_pb_text][\/et_pb_column][\/et_pb_row][et_pb_row _builder_version=&#8220;4.23.2&#8243; _module_preset=&#8220;default&#8220; global_colors_info=&#8220;{}&#8220;][et_pb_column type=&#8220;4_4&#8243; _builder_version=&#8220;4.23.2&#8243; _module_preset=&#8220;default&#8220; global_colors_info=&#8220;{}&#8220;][et_pb_image src=&#8220;https:\/\/www.zavislostnakortikoidoch.sk\/wp-content\/uploads\/2024\/08\/Leden-2023.jpg&#8220; title_text=&#8220;Leden 2023 &#8211; 1&#8243; _builder_version=&#8220;4.23.2&#8243; _module_preset=&#8220;default&#8220; global_colors_info=&#8220;{}&#8220;][\/et_pb_image][\/et_pb_column][\/et_pb_row][\/et_pb_section]<\/p>\n","protected":false},"excerpt":{"rendered":"<p>Pohlavie &#8211; \u017eena Vek &#8211; 23 let Ako si za\u010dal\/a u\u017e\u00edva\u0165 kortikoidy a v akom veku? Asi poprv\u00e9 kolem dev\u00edti let, intenzivn\u011b od 14\u201319 let; potom Protopic jako imunosupresivn\u00ed mast \u2013 do 22 let D\u00f4vod u\u017e\u00edvania kortikoidov a doba? \u00a0Zhor\u0161uj\u00edc\u00ed se ekz\u00e9m ve v\u011bt\u0161\u00edm rozsahu na obli\u010deji, krku Ak\u00e9 ko\u017en\u00e9 ochorenie m\u00e1\u0161 diagnostikovan\u00e9 a ako [&hellip;]<\/p>\n","protected":false},"author":1,"featured_media":467,"comment_status":"open","ping_status":"open","sticky":false,"template":"","format":"standard","meta":{"_et_pb_use_builder":"on","_et_pb_old_content":"","_et_gb_content_width":"","footnotes":""},"categories":[12],"tags":[8],"class_list":["post-465","post","type-post","status-publish","format-standard","has-post-thumbnail","hentry","category-pribehy","tag-tsw"],"yoast_head":"<!-- This site is optimized with the Yoast SEO plugin v28.4 - https:\/\/yoast.com\/product\/yoast-seo-wordpress\/ -->\n<title>TSW pr\u00edbeh, Kl\u00e1ra 23 - TSW<\/title>\n<meta name=\"robots\" content=\"index, follow, max-snippet:-1, max-image-preview:large, max-video-preview:-1\" \/>\n<link rel=\"canonical\" href=\"https:\/\/www.zavislostnakortikoidoch.sk\/?p=465\" \/>\n<meta property=\"og:locale\" content=\"sk_SK\" \/>\n<meta property=\"og:type\" content=\"article\" \/>\n<meta property=\"og:title\" content=\"TSW pr\u00edbeh, Kl\u00e1ra 23 - TSW\" \/>\n<meta property=\"og:description\" content=\"Pohlavie - \u017eena Vek - 23 let Ako si za\u010dal\/a u\u017e\u00edva\u0165 kortikoidy a v akom veku? Asi poprv\u00e9 kolem dev\u00edti let, intenzivn\u011b od 14\u201319 let; potom Protopic jako imunosupresivn\u00ed mast \u2013 do 22 let D\u00f4vod u\u017e\u00edvania kortikoidov a doba? \u00a0Zhor\u0161uj\u00edc\u00ed se ekz\u00e9m ve v\u011bt\u0161\u00edm rozsahu na obli\u010deji, krku Ak\u00e9 ko\u017en\u00e9 ochorenie m\u00e1\u0161 diagnostikovan\u00e9 a ako [&hellip;]\" \/>\n<meta property=\"og:url\" content=\"https:\/\/www.zavislostnakortikoidoch.sk\/?p=465\" \/>\n<meta property=\"og:site_name\" content=\"TSW\" \/>\n<meta property=\"article:published_time\" content=\"2024-08-24T14:20:48+00:00\" \/>\n<meta property=\"article:modified_time\" content=\"2024-09-09T18:17:15+00:00\" \/>\n<meta property=\"og:image\" content=\"https:\/\/www.zavislostnakortikoidoch.sk\/wp-content\/uploads\/2024\/08\/Leden-2023.jpg\" \/>\n\t<meta property=\"og:image:width\" content=\"940\" \/>\n\t<meta property=\"og:image:height\" content=\"788\" \/>\n\t<meta property=\"og:image:type\" content=\"image\/jpeg\" \/>\n<meta name=\"author\" content=\"zavislostn\" \/>\n<meta name=\"twitter:card\" content=\"summary_large_image\" \/>\n<meta name=\"twitter:label1\" content=\"Autor\" \/>\n\t<meta name=\"twitter:data1\" content=\"zavislostn\" \/>\n\t<meta name=\"twitter:label2\" content=\"Predpokladan\u00fd \u010das \u010d\u00edtania\" \/>\n\t<meta name=\"twitter:data2\" content=\"7 min\u00fat\" \/>\n<script type=\"application\/ld+json\" class=\"yoast-schema-graph\">{\"@context\":\"https:\\\/\\\/schema.org\",\"@graph\":[{\"@type\":\"Article\",\"@id\":\"https:\\\/\\\/www.zavislostnakortikoidoch.sk\\\/?p=465#article\",\"isPartOf\":{\"@id\":\"https:\\\/\\\/www.zavislostnakortikoidoch.sk\\\/?p=465\"},\"author\":{\"name\":\"zavislostn\",\"@id\":\"https:\\\/\\\/www.zavislostnakortikoidoch.sk\\\/#\\\/schema\\\/person\\\/8403bb721c40aa1128286681b4d49620\"},\"headline\":\"TSW pr\u00edbeh, Kl\u00e1ra 23\",\"datePublished\":\"2024-08-24T14:20:48+00:00\",\"dateModified\":\"2024-09-09T18:17:15+00:00\",\"mainEntityOfPage\":{\"@id\":\"https:\\\/\\\/www.zavislostnakortikoidoch.sk\\\/?p=465\"},\"wordCount\":1330,\"commentCount\":0,\"publisher\":{\"@id\":\"https:\\\/\\\/www.zavislostnakortikoidoch.sk\\\/#\\\/schema\\\/person\\\/8403bb721c40aa1128286681b4d49620\"},\"image\":{\"@id\":\"https:\\\/\\\/www.zavislostnakortikoidoch.sk\\\/?p=465#primaryimage\"},\"thumbnailUrl\":\"https:\\\/\\\/www.zavislostnakortikoidoch.sk\\\/wp-content\\\/uploads\\\/2024\\\/08\\\/Leden-2023.jpg\",\"keywords\":[\"TSW\"],\"articleSection\":[\"Pr\u00edbehy\"],\"inLanguage\":\"sk-SK\",\"potentialAction\":[{\"@type\":\"CommentAction\",\"name\":\"Comment\",\"target\":[\"https:\\\/\\\/www.zavislostnakortikoidoch.sk\\\/?p=465#respond\"]}]},{\"@type\":\"WebPage\",\"@id\":\"https:\\\/\\\/www.zavislostnakortikoidoch.sk\\\/?p=465\",\"url\":\"https:\\\/\\\/www.zavislostnakortikoidoch.sk\\\/?p=465\",\"name\":\"TSW pr\u00edbeh, Kl\u00e1ra 23 - TSW\",\"isPartOf\":{\"@id\":\"https:\\\/\\\/www.zavislostnakortikoidoch.sk\\\/#website\"},\"primaryImageOfPage\":{\"@id\":\"https:\\\/\\\/www.zavislostnakortikoidoch.sk\\\/?p=465#primaryimage\"},\"image\":{\"@id\":\"https:\\\/\\\/www.zavislostnakortikoidoch.sk\\\/?p=465#primaryimage\"},\"thumbnailUrl\":\"https:\\\/\\\/www.zavislostnakortikoidoch.sk\\\/wp-content\\\/uploads\\\/2024\\\/08\\\/Leden-2023.jpg\",\"datePublished\":\"2024-08-24T14:20:48+00:00\",\"dateModified\":\"2024-09-09T18:17:15+00:00\",\"breadcrumb\":{\"@id\":\"https:\\\/\\\/www.zavislostnakortikoidoch.sk\\\/?p=465#breadcrumb\"},\"inLanguage\":\"sk-SK\",\"potentialAction\":[{\"@type\":\"ReadAction\",\"target\":[\"https:\\\/\\\/www.zavislostnakortikoidoch.sk\\\/?p=465\"]}]},{\"@type\":\"ImageObject\",\"inLanguage\":\"sk-SK\",\"@id\":\"https:\\\/\\\/www.zavislostnakortikoidoch.sk\\\/?p=465#primaryimage\",\"url\":\"https:\\\/\\\/www.zavislostnakortikoidoch.sk\\\/wp-content\\\/uploads\\\/2024\\\/08\\\/Leden-2023.jpg\",\"contentUrl\":\"https:\\\/\\\/www.zavislostnakortikoidoch.sk\\\/wp-content\\\/uploads\\\/2024\\\/08\\\/Leden-2023.jpg\",\"width\":940,\"height\":788},{\"@type\":\"BreadcrumbList\",\"@id\":\"https:\\\/\\\/www.zavislostnakortikoidoch.sk\\\/?p=465#breadcrumb\",\"itemListElement\":[{\"@type\":\"ListItem\",\"position\":1,\"name\":\"Domovsk\u00e1 str\u00e1nka\",\"item\":\"https:\\\/\\\/www.zavislostnakortikoidoch.sk\\\/\"},{\"@type\":\"ListItem\",\"position\":2,\"name\":\"TSW pr\u00edbeh, Kl\u00e1ra 23\"}]},{\"@type\":\"WebSite\",\"@id\":\"https:\\\/\\\/www.zavislostnakortikoidoch.sk\\\/#website\",\"url\":\"https:\\\/\\\/www.zavislostnakortikoidoch.sk\\\/\",\"name\":\"Z\u00e1vislos\u0165 na kortikoidoch\",\"description\":\"\",\"publisher\":{\"@id\":\"https:\\\/\\\/www.zavislostnakortikoidoch.sk\\\/#\\\/schema\\\/person\\\/8403bb721c40aa1128286681b4d49620\"},\"potentialAction\":[{\"@type\":\"SearchAction\",\"target\":{\"@type\":\"EntryPoint\",\"urlTemplate\":\"https:\\\/\\\/www.zavislostnakortikoidoch.sk\\\/?s={search_term_string}\"},\"query-input\":{\"@type\":\"PropertyValueSpecification\",\"valueRequired\":true,\"valueName\":\"search_term_string\"}}],\"inLanguage\":\"sk-SK\"},{\"@type\":[\"Person\",\"Organization\"],\"@id\":\"https:\\\/\\\/www.zavislostnakortikoidoch.sk\\\/#\\\/schema\\\/person\\\/8403bb721c40aa1128286681b4d49620\",\"name\":\"zavislostn\",\"image\":{\"@type\":\"ImageObject\",\"inLanguage\":\"sk-SK\",\"@id\":\"https:\\\/\\\/www.zavislostnakortikoidoch.sk\\\/wp-content\\\/uploads\\\/2024\\\/02\\\/iStock-1298247627-scaled.jpg\",\"url\":\"https:\\\/\\\/www.zavislostnakortikoidoch.sk\\\/wp-content\\\/uploads\\\/2024\\\/02\\\/iStock-1298247627-scaled.jpg\",\"contentUrl\":\"https:\\\/\\\/www.zavislostnakortikoidoch.sk\\\/wp-content\\\/uploads\\\/2024\\\/02\\\/iStock-1298247627-scaled.jpg\",\"width\":2560,\"height\":1707,\"caption\":\"zavislostn\"},\"logo\":{\"@id\":\"https:\\\/\\\/www.zavislostnakortikoidoch.sk\\\/wp-content\\\/uploads\\\/2024\\\/02\\\/iStock-1298247627-scaled.jpg\"},\"sameAs\":[\"http:\\\/\\\/localhost\\\/wordpress\"],\"url\":\"https:\\\/\\\/www.zavislostnakortikoidoch.sk\\\/?author=1\"}]}<\/script>\n<!-- \/ Yoast SEO plugin. -->","yoast_head_json":{"title":"TSW pr\u00edbeh, Kl\u00e1ra 23 - TSW","robots":{"index":"index","follow":"follow","max-snippet":"max-snippet:-1","max-image-preview":"max-image-preview:large","max-video-preview":"max-video-preview:-1"},"canonical":"https:\/\/www.zavislostnakortikoidoch.sk\/?p=465","og_locale":"sk_SK","og_type":"article","og_title":"TSW pr\u00edbeh, Kl\u00e1ra 23 - TSW","og_description":"Pohlavie - \u017eena Vek - 23 let Ako si za\u010dal\/a u\u017e\u00edva\u0165 kortikoidy a v akom veku? Asi poprv\u00e9 kolem dev\u00edti let, intenzivn\u011b od 14\u201319 let; potom Protopic jako imunosupresivn\u00ed mast \u2013 do 22 let D\u00f4vod u\u017e\u00edvania kortikoidov a doba? \u00a0Zhor\u0161uj\u00edc\u00ed se ekz\u00e9m ve v\u011bt\u0161\u00edm rozsahu na obli\u010deji, krku Ak\u00e9 ko\u017en\u00e9 ochorenie m\u00e1\u0161 diagnostikovan\u00e9 a ako [&hellip;]","og_url":"https:\/\/www.zavislostnakortikoidoch.sk\/?p=465","og_site_name":"TSW","article_published_time":"2024-08-24T14:20:48+00:00","article_modified_time":"2024-09-09T18:17:15+00:00","og_image":[{"width":940,"height":788,"url":"https:\/\/www.zavislostnakortikoidoch.sk\/wp-content\/uploads\/2024\/08\/Leden-2023.jpg","type":"image\/jpeg"}],"author":"zavislostn","twitter_card":"summary_large_image","twitter_misc":{"Autor":"zavislostn","Predpokladan\u00fd \u010das \u010d\u00edtania":"7 min\u00fat"},"schema":{"@context":"https:\/\/schema.org","@graph":[{"@type":"Article","@id":"https:\/\/www.zavislostnakortikoidoch.sk\/?p=465#article","isPartOf":{"@id":"https:\/\/www.zavislostnakortikoidoch.sk\/?p=465"},"author":{"name":"zavislostn","@id":"https:\/\/www.zavislostnakortikoidoch.sk\/#\/schema\/person\/8403bb721c40aa1128286681b4d49620"},"headline":"TSW pr\u00edbeh, Kl\u00e1ra 23","datePublished":"2024-08-24T14:20:48+00:00","dateModified":"2024-09-09T18:17:15+00:00","mainEntityOfPage":{"@id":"https:\/\/www.zavislostnakortikoidoch.sk\/?p=465"},"wordCount":1330,"commentCount":0,"publisher":{"@id":"https:\/\/www.zavislostnakortikoidoch.sk\/#\/schema\/person\/8403bb721c40aa1128286681b4d49620"},"image":{"@id":"https:\/\/www.zavislostnakortikoidoch.sk\/?p=465#primaryimage"},"thumbnailUrl":"https:\/\/www.zavislostnakortikoidoch.sk\/wp-content\/uploads\/2024\/08\/Leden-2023.jpg","keywords":["TSW"],"articleSection":["Pr\u00edbehy"],"inLanguage":"sk-SK","potentialAction":[{"@type":"CommentAction","name":"Comment","target":["https:\/\/www.zavislostnakortikoidoch.sk\/?p=465#respond"]}]},{"@type":"WebPage","@id":"https:\/\/www.zavislostnakortikoidoch.sk\/?p=465","url":"https:\/\/www.zavislostnakortikoidoch.sk\/?p=465","name":"TSW pr\u00edbeh, Kl\u00e1ra 23 - TSW","isPartOf":{"@id":"https:\/\/www.zavislostnakortikoidoch.sk\/#website"},"primaryImageOfPage":{"@id":"https:\/\/www.zavislostnakortikoidoch.sk\/?p=465#primaryimage"},"image":{"@id":"https:\/\/www.zavislostnakortikoidoch.sk\/?p=465#primaryimage"},"thumbnailUrl":"https:\/\/www.zavislostnakortikoidoch.sk\/wp-content\/uploads\/2024\/08\/Leden-2023.jpg","datePublished":"2024-08-24T14:20:48+00:00","dateModified":"2024-09-09T18:17:15+00:00","breadcrumb":{"@id":"https:\/\/www.zavislostnakortikoidoch.sk\/?p=465#breadcrumb"},"inLanguage":"sk-SK","potentialAction":[{"@type":"ReadAction","target":["https:\/\/www.zavislostnakortikoidoch.sk\/?p=465"]}]},{"@type":"ImageObject","inLanguage":"sk-SK","@id":"https:\/\/www.zavislostnakortikoidoch.sk\/?p=465#primaryimage","url":"https:\/\/www.zavislostnakortikoidoch.sk\/wp-content\/uploads\/2024\/08\/Leden-2023.jpg","contentUrl":"https:\/\/www.zavislostnakortikoidoch.sk\/wp-content\/uploads\/2024\/08\/Leden-2023.jpg","width":940,"height":788},{"@type":"BreadcrumbList","@id":"https:\/\/www.zavislostnakortikoidoch.sk\/?p=465#breadcrumb","itemListElement":[{"@type":"ListItem","position":1,"name":"Domovsk\u00e1 str\u00e1nka","item":"https:\/\/www.zavislostnakortikoidoch.sk\/"},{"@type":"ListItem","position":2,"name":"TSW pr\u00edbeh, Kl\u00e1ra 23"}]},{"@type":"WebSite","@id":"https:\/\/www.zavislostnakortikoidoch.sk\/#website","url":"https:\/\/www.zavislostnakortikoidoch.sk\/","name":"Z\u00e1vislos\u0165 na kortikoidoch","description":"","publisher":{"@id":"https:\/\/www.zavislostnakortikoidoch.sk\/#\/schema\/person\/8403bb721c40aa1128286681b4d49620"},"potentialAction":[{"@type":"SearchAction","target":{"@type":"EntryPoint","urlTemplate":"https:\/\/www.zavislostnakortikoidoch.sk\/?s={search_term_string}"},"query-input":{"@type":"PropertyValueSpecification","valueRequired":true,"valueName":"search_term_string"}}],"inLanguage":"sk-SK"},{"@type":["Person","Organization"],"@id":"https:\/\/www.zavislostnakortikoidoch.sk\/#\/schema\/person\/8403bb721c40aa1128286681b4d49620","name":"zavislostn","image":{"@type":"ImageObject","inLanguage":"sk-SK","@id":"https:\/\/www.zavislostnakortikoidoch.sk\/wp-content\/uploads\/2024\/02\/iStock-1298247627-scaled.jpg","url":"https:\/\/www.zavislostnakortikoidoch.sk\/wp-content\/uploads\/2024\/02\/iStock-1298247627-scaled.jpg","contentUrl":"https:\/\/www.zavislostnakortikoidoch.sk\/wp-content\/uploads\/2024\/02\/iStock-1298247627-scaled.jpg","width":2560,"height":1707,"caption":"zavislostn"},"logo":{"@id":"https:\/\/www.zavislostnakortikoidoch.sk\/wp-content\/uploads\/2024\/02\/iStock-1298247627-scaled.jpg"},"sameAs":["http:\/\/localhost\/wordpress"],"url":"https:\/\/www.zavislostnakortikoidoch.sk\/?author=1"}]}},"_links":{"self":[{"href":"https:\/\/www.zavislostnakortikoidoch.sk\/index.php?rest_route=\/wp\/v2\/posts\/465","targetHints":{"allow":["GET"]}}],"collection":[{"href":"https:\/\/www.zavislostnakortikoidoch.sk\/index.php?rest_route=\/wp\/v2\/posts"}],"about":[{"href":"https:\/\/www.zavislostnakortikoidoch.sk\/index.php?rest_route=\/wp\/v2\/types\/post"}],"author":[{"embeddable":true,"href":"https:\/\/www.zavislostnakortikoidoch.sk\/index.php?rest_route=\/wp\/v2\/users\/1"}],"replies":[{"embeddable":true,"href":"https:\/\/www.zavislostnakortikoidoch.sk\/index.php?rest_route=%2Fwp%2Fv2%2Fcomments&post=465"}],"version-history":[{"count":8,"href":"https:\/\/www.zavislostnakortikoidoch.sk\/index.php?rest_route=\/wp\/v2\/posts\/465\/revisions"}],"predecessor-version":[{"id":518,"href":"https:\/\/www.zavislostnakortikoidoch.sk\/index.php?rest_route=\/wp\/v2\/posts\/465\/revisions\/518"}],"wp:featuredmedia":[{"embeddable":true,"href":"https:\/\/www.zavislostnakortikoidoch.sk\/index.php?rest_route=\/wp\/v2\/media\/467"}],"wp:attachment":[{"href":"https:\/\/www.zavislostnakortikoidoch.sk\/index.php?rest_route=%2Fwp%2Fv2%2Fmedia&parent=465"}],"wp:term":[{"taxonomy":"category","embeddable":true,"href":"https:\/\/www.zavislostnakortikoidoch.sk\/index.php?rest_route=%2Fwp%2Fv2%2Fcategories&post=465"},{"taxonomy":"post_tag","embeddable":true,"href":"https:\/\/www.zavislostnakortikoidoch.sk\/index.php?rest_route=%2Fwp%2Fv2%2Ftags&post=465"}],"curies":[{"name":"wp","href":"https:\/\/api.w.org\/{rel}","templated":true}]}}